{"id":9727,"date":"2024-08-13T15:17:49","date_gmt":"2024-08-13T13:17:49","guid":{"rendered":"https:\/\/landaumedia.ch\/?p=9727"},"modified":"2024-08-13T15:17:49","modified_gmt":"2024-08-13T13:17:49","slug":"team-farner-stellt-krisenteam-fuer-europa-auf","status":"publish","type":"post","link":"https:\/\/landaumedia.ch\/en\/team-farner-stellt-krisenteam-fuer-europa-auf\/","title":{"rendered":"Team Farner stellt Krisenteam f\u00fcr Europa auf"},"content":{"rendered":"<p>Team Farner, europ\u00e4ische Unternehmensberatung f\u00fcr integrierte Kommunikation, hat das \u00abTeam Farner Practice Crisis\u00bb ins Leben gerufen, ein spezialisiertes Expertenteam, das sich auf Krisenpr\u00e4vention, -intervention und -nachsorge konzentriert. Dieses Team bietet ab sofort europaweit umfassende Unterst\u00fctzung bei der Bew\u00e4ltigung von Krisen und garantiert eine starke, effektive Kommunikation rund um die Uhr.<\/p>\n<p>Das \u00abTeam Farner Practice Crisis\u00bb setzt auf eine interdisziplin\u00e4re und grenz\u00fcberschreitende Zusammenarbeit, um Krisenkommunikation nahtlos in andere Arbeitsbereiche zu integrieren und so eine ganzheitliche und effiziente Herangehensweise sicherzustellen. Mit umfangreichem Know-how in verschiedenen Branchen wie Industrie, Transport, Pharma, Beh\u00f6rden und NGOs entwickelt das Team ma\u00dfgeschneiderte L\u00f6sungen, um Kund:innen in jeder Krisensituation optimal zu unterst\u00fctzen.<\/p>\n<p>\u201eDank der Reichweite und dem Netzwerk von TEAM FARNER k\u00f6nnen wir Projekte in au\u00dferordentlicher Geschwindigkeit und Umfang realisieren\u201c, betont <a href=\"https:\/\/www.linkedin.com\/in\/patrick-hacker\/\" target=\"_blank\" rel=\"noopener\">Patrick Hacker<\/a>, Leiter der Practice Crisis. Hacker ist es auch, der das internationale Krisenteam koordiniert.<\/p>\n<p>Ein zentraler Grundsatz des Teams lautet \u00abPr\u00e4vention vor Intervention\u00bb. Es hilft Kund:innen dabei, Risiken fr\u00fchzeitig zu erkennen und Pr\u00e4ventionsma\u00dfnahmen zu ergreifen, um Krisen entweder zu vermeiden oder ihre Auswirkungen zu minimieren. Die internationale Ausrichtung des Teams erm\u00f6glicht es, grenz\u00fcberschreitende Krisenvorbereitungen zu treffen und globale Warnsignale fr\u00fchzeitig zu identifizieren.<\/p>\n<p>In der Nachsorge ziehen die Expert:innenen von Team Farner Lehren aus den Krisen, passen Strukturen und Prozesse an und sensibilisieren Management und Mitarbeiter, um Vertrauen und Reputation nachhaltig wiederherzustellen. Patrick Hacker, der das internationale Krisenteam leitet, betont die F\u00e4higkeit von Team Farner, Projekte in au\u00dfergew\u00f6hnlicher Geschwindigkeit und mit umfassender Reichweite umzusetzen.<br \/>\n<small>Quellen: <a href=\"https:\/\/www.linkedin.com\/posts\/teamfarner_crisiscommunication-teamfarner-consulting-activity-7221834306657091584-O51Y?utm_source=share&amp;utm_medium=member_desktop\" target=\"_blank\" rel=\"noopener\">linkedin.com<\/a>, <a href=\"https:\/\/pr-journal.de\/nachrichten\/agenturen\/32328-team-farner-gruendet-practice-crises.html\" target=\"_blank\" rel=\"noopener\">pr-journal.de<\/a>, <a href=\"https:\/\/www.prreport.de\/singlenews\/uid-963436\/farner-stellt-krisenteam-fuer-europa-auf\/#a963436\" target=\"_blank\" rel=\"noopener\">prreport.de<\/a><\/small><\/p>","protected":false},"excerpt":{"rendered":"<p>Team Farner, europ\u00e4ische Unternehmensberatung f\u00fcr integrierte Kommunikation, hat das \u00abTeam Farner Practice Crisis\u00bb ins Leben gerufen, ein spezialisiertes Expertenteam, das sich auf Krisenpr\u00e4vention, -intervention und -nachsorge konzentriert. Dieses Team bietet ab sofort europaweit umfassende Unterst\u00fctzung bei der Bew\u00e4ltigung von Krisen und garantiert eine starke, effektive Kommunikation rund um die Uhr. Das \u00abTeam Farner Practice Crisis\u00bb [&hellip;]<\/p>\n","protected":false},"author":8,"featured_media":9728,"comment_status":"closed","ping_status":"closed","sticky":false,"template":"","format":"standard","meta":{"inline_featured_image":false,"footnotes":""},"categories":[31],"tags":[134,132,133,135],"class_list":["post-9727","post","type-post","status-publish","format-standard","has-post-thumbnail","hentry","category-international","tag-europa","tag-krise","tag-krisenkommunikation","tag-team-farner"],"_links":{"self":[{"href":"https:\/\/landaumedia.ch\/en\/wp-json\/wp\/v2\/posts\/9727","targetHints":{"allow":["GET"]}}],"collection":[{"href":"https:\/\/landaumedia.ch\/en\/wp-json\/wp\/v2\/posts"}],"about":[{"href":"https:\/\/landaumedia.ch\/en\/wp-json\/wp\/v2\/types\/post"}],"author":[{"embeddable":true,"href":"https:\/\/landaumedia.ch\/en\/wp-json\/wp\/v2\/users\/8"}],"replies":[{"embeddable":true,"href":"https:\/\/landaumedia.ch\/en\/wp-json\/wp\/v2\/comments?post=9727"}],"version-history":[{"count":0,"href":"https:\/\/landaumedia.ch\/en\/wp-json\/wp\/v2\/posts\/9727\/revisions"}],"wp:featuredmedia":[{"embeddable":true,"href":"https:\/\/landaumedia.ch\/en\/wp-json\/wp\/v2\/media\/9728"}],"wp:attachment":[{"href":"https:\/\/landaumedia.ch\/en\/wp-json\/wp\/v2\/media?parent=9727"}],"wp:term":[{"taxonomy":"category","embeddable":true,"href":"https:\/\/landaumedia.ch\/en\/wp-json\/wp\/v2\/categories?post=9727"},{"taxonomy":"post_tag","embeddable":true,"href":"https:\/\/landaumedia.ch\/en\/wp-json\/wp\/v2\/tags?post=9727"}],"curies":[{"name":"wp","href":"https:\/\/api.w.org\/{rel}","templated":true}]}}